{"id":7398,"date":"2024-09-19T11:08:19","date_gmt":"2024-09-19T11:08:19","guid":{"rendered":"https:\/\/modenacentoore.canossa.com\/?p=7398"},"modified":"2024-09-19T11:15:38","modified_gmt":"2024-09-19T11:15:38","slug":"modena-canto-ore-tappa-2","status":"publish","type":"post","link":"https:\/\/modenacentoore.canossa.com\/index.php\/2024\/09\/19\/modena-canto-ore-tappa-2\/","title":{"rendered":"Modena Cento Ore, tappa 2"},"content":{"rendered":"\t\t<div data-elementor-type=\"wp-post\" data-elementor-id=\"7398\" class=\"elementor elementor-7398\" data-elementor-post-type=\"post\">\n\t\t\t\t\t\t<section class=\"elementor-section elementor-top-section elementor-element elementor-element-278c56d3 elementor-section-boxed elementor-section-height-default elementor-section-height-default\" data-id=\"278c56d3\" data-element_type=\"section\" data-e-type=\"section\" data-settings=\"{&quot;jet_parallax_layout_list&quot;:[{&quot;jet_parallax_layout_image&quot;:{&quot;url&quot;:&quot;&quot;,&quot;id&quot;:&quot;&quot;,&quot;size&quot;:&quot;&quot;},&quot;_id&quot;:&quot;b9cd8af&quot;,&quot;jet_parallax_layout_image_widescreen&quot;:{&quot;url&quot;:&quot;&quot;,&quot;id&quot;:&quot;&quot;,&quot;size&quot;:&quot;&quot;},&quot;jet_parallax_layout_image_laptop&quot;:{&quot;url&quot;:&quot;&quot;,&quot;id&quot;:&quot;&quot;,&quot;size&quot;:&quot;&quot;},&quot;jet_parallax_layout_image_tablet&quot;:{&quot;url&quot;:&quot;&quot;,&quot;id&quot;:&quot;&quot;,&quot;size&quot;:&quot;&quot;},&quot;jet_parallax_layout_image_mobile&quot;:{&quot;url&quot;:&quot;&quot;,&quot;id&quot;:&quot;&quot;,&quot;size&quot;:&quot;&quot;},&quot;jet_parallax_layout_speed&quot;:{&quot;unit&quot;:&quot;%&quot;,&quot;size&quot;:50,&quot;sizes&quot;:[]},&quot;jet_parallax_layout_type&quot;:&quot;scroll&quot;,&quot;jet_parallax_layout_direction&quot;:&quot;1&quot;,&quot;jet_parallax_layout_fx_direction&quot;:null,&quot;jet_parallax_layout_z_index&quot;:&quot;&quot;,&quot;jet_parallax_layout_bg_x&quot;:50,&quot;jet_parallax_layout_bg_x_widescreen&quot;:&quot;&quot;,&quot;jet_parallax_layout_bg_x_laptop&quot;:&quot;&quot;,&quot;jet_parallax_layout_bg_x_tablet&quot;:&quot;&quot;,&quot;jet_parallax_layout_bg_x_mobile&quot;:&quot;&quot;,&quot;jet_parallax_layout_bg_y&quot;:50,&quot;jet_parallax_layout_bg_y_widescreen&quot;:&quot;&quot;,&quot;jet_parallax_layout_bg_y_laptop&quot;:&quot;&quot;,&quot;jet_parallax_layout_bg_y_tablet&quot;:&quot;&quot;,&quot;jet_parallax_layout_bg_y_mobile&quot;:&quot;&quot;,&quot;jet_parallax_layout_bg_size&quot;:&quot;auto&quot;,&quot;jet_parallax_layout_bg_size_widescreen&quot;:&quot;&quot;,&quot;jet_parallax_layout_bg_size_laptop&quot;:&quot;&quot;,&quot;jet_parallax_layout_bg_size_tablet&quot;:&quot;&quot;,&quot;jet_parallax_layout_bg_size_mobile&quot;:&quot;&quot;,&quot;jet_parallax_layout_animation_prop&quot;:&quot;transform&quot;,&quot;jet_parallax_layout_on&quot;:[&quot;desktop&quot;,&quot;tablet&quot;]}]}\">\n\t\t\t\t\t\t<div class=\"elementor-container elementor-column-gap-default\">\n\t\t\t\t\t<div class=\"elementor-column elementor-col-100 elementor-top-column elementor-element elementor-element-774f8651\" data-id=\"774f8651\" data-element_type=\"column\" data-e-type=\"column\">\n\t\t\t<div class=\"elementor-widget-wrap elementor-element-populated\">\n\t\t\t\t\t\t<div class=\"elementor-element elementor-element-52632dc0 elementor-widget elementor-widget-text-editor\" data-id=\"52632dc0\" data-element_type=\"widget\" data-e-type=\"widget\" data-widget_type=\"text-editor.default\">\n\t\t\t\t<div class=\"elementor-widget-container\">\n\t\t\t\t\t\t\t\t\t<p><strong style=\"color: var( --e-global-color-text );\">19 Settembre 2024: <\/strong>La seconda giornata di gara della Modena Cento Ore 2024 prender\u00e0 il via di prima mattina, marted\u00ec 8 ottobre, dal Misano World Circuit. Dopo le gare in notturna della sera precedente, i piloti si riuniranno in circuito a partire dalle 8.45 per le prove libere e le gare. Finite le attivit\u00e0 in circuito, si proceder\u00e0 verso Forl\u00ec e Faenza per poi raggiungere Firenze passando per gli Appennini.<\/p><p>Due le Prove Speciali, su percorsi tenuti segreti fino al primo giorno di Modena Cento Ore, con spettacolare arrivo nel capoluogo toscano in Piazzale Michelangelo. Le auto saranno esposte al pubblico sotto la celeberrima statua del David e i partecipanti potranno rilassarsi con un\u2019apericena nel cuore di Firenze.<\/p><p>Per maggiori informazioni sull&#8217;edizione 2024 <a href=\"https:\/\/modenacentoore.canossa.com\/index.php\/en\/event-2024\/\">clicca qui.<\/a><\/p>\t\t\t\t\t\t\t\t<\/div>\n\t\t\t\t<\/div>\n\t\t\t\t\t<\/div>\n\t\t<\/div>\n\t\t\t\t\t<\/div>\n\t\t<\/section>\n\t\t\t\t<\/div>\n\t\t","protected":false},"excerpt":{"rendered":"<p>Dal via a Misano al traguardo dal David di Michelangelo<\/p>\n","protected":false},"author":7,"featured_media":7393,"comment_status":"closed","ping_status":"open","sticky":false,"template":"","format":"standard","meta":{"footnotes":""},"categories":[7],"tags":[189,89,91],"class_list":["post-7398","post","type-post","status-publish","format-standard","has-post-thumbnail","hentry","category-news","tag-2024-it","tag-canossa-events-it","tag-modena-cento-ore-it"],"yoast_head":"<!-- This site is optimized with the Yoast SEO plugin v27.2 - https:\/\/yoast.com\/product\/yoast-seo-wordpress\/ -->\n<title>Modena Canto Ore, tappa 2<\/title>\n<meta name=\"description\" content=\"Dal via a Misano al traguardo dal David di Michelangelo\" \/>\n<meta name=\"robots\" content=\"index, follow, max-snippet:-1, max-image-preview:large, max-video-preview:-1\" \/>\n<link rel=\"canonical\" href=\"https:\/\/modenacentoore.canossa.com\/index.php\/2024\/09\/19\/modena-canto-ore-tappa-2\/\" \/>\n<meta property=\"og:locale\" content=\"en_US\" \/>\n<meta property=\"og:type\" content=\"article\" \/>\n<meta property=\"og:title\" content=\"Modena Canto Ore, tappa 2\" \/>\n<meta property=\"og:description\" content=\"Dal via a Misano al traguardo dal David di Michelangelo\" \/>\n<meta property=\"og:url\" content=\"https:\/\/modenacentoore.canossa.com\/index.php\/2024\/09\/19\/modena-canto-ore-tappa-2\/\" \/>\n<meta property=\"og:site_name\" content=\"Modena Cento Ore\" \/>\n<meta property=\"article:publisher\" content=\"https:\/\/www.facebook.com\/ModenaCentoOreClassic\/\" \/>\n<meta property=\"article:published_time\" content=\"2024-09-19T11:08:19+00:00\" \/>\n<meta property=\"article:modified_time\" content=\"2024-09-19T11:15:38+00:00\" \/>\n<meta property=\"og:image\" content=\"https:\/\/modenacentoore.canossa.com\/wp-content\/uploads\/2024\/09\/4025_dsc_5441-copia-scaled.jpg\" \/>\n\t<meta property=\"og:image:width\" content=\"2560\" \/>\n\t<meta property=\"og:image:height\" content=\"1440\" \/>\n\t<meta property=\"og:image:type\" content=\"image\/jpeg\" \/>\n<meta name=\"author\" content=\"Digital\" \/>\n<meta name=\"twitter:card\" content=\"summary_large_image\" \/>\n<meta name=\"twitter:label1\" content=\"Written by\" \/>\n\t<meta name=\"twitter:data1\" content=\"Digital\" \/>\n\t<meta name=\"twitter:label2\" content=\"Est. reading time\" \/>\n\t<meta name=\"twitter:data2\" content=\"1 minute\" \/>\n<script type=\"application\/ld+json\" class=\"yoast-schema-graph\">{\"@context\":\"https:\/\/schema.org\",\"@graph\":[{\"@type\":\"Article\",\"@id\":\"https:\/\/modenacentoore.canossa.com\/index.php\/2024\/09\/19\/modena-canto-ore-tappa-2\/#article\",\"isPartOf\":{\"@id\":\"https:\/\/modenacentoore.canossa.com\/index.php\/2024\/09\/19\/modena-canto-ore-tappa-2\/\"},\"author\":{\"name\":\"Digital\",\"@id\":\"https:\/\/modenacentoore.canossa.com\/#\/schema\/person\/30be2d715a7bd3fea8441299a77760b8\"},\"headline\":\"Modena Cento Ore, tappa 2\",\"datePublished\":\"2024-09-19T11:08:19+00:00\",\"dateModified\":\"2024-09-19T11:15:38+00:00\",\"mainEntityOfPage\":{\"@id\":\"https:\/\/modenacentoore.canossa.com\/index.php\/2024\/09\/19\/modena-canto-ore-tappa-2\/\"},\"wordCount\":125,\"publisher\":{\"@id\":\"https:\/\/modenacentoore.canossa.com\/#organization\"},\"image\":{\"@id\":\"https:\/\/modenacentoore.canossa.com\/index.php\/2024\/09\/19\/modena-canto-ore-tappa-2\/#primaryimage\"},\"thumbnailUrl\":\"https:\/\/modenacentoore.canossa.com\/wp-content\/uploads\/2024\/09\/4025_dsc_5441-copia-scaled.jpg\",\"keywords\":[\"2024\",\"Canossa Events\",\"Modena Cento Ore\"],\"articleSection\":[\"News\"],\"inLanguage\":\"en-US\"},{\"@type\":\"WebPage\",\"@id\":\"https:\/\/modenacentoore.canossa.com\/index.php\/2024\/09\/19\/modena-canto-ore-tappa-2\/\",\"url\":\"https:\/\/modenacentoore.canossa.com\/index.php\/2024\/09\/19\/modena-canto-ore-tappa-2\/\",\"name\":\"Modena Canto Ore, tappa 2\",\"isPartOf\":{\"@id\":\"https:\/\/modenacentoore.canossa.com\/#website\"},\"primaryImageOfPage\":{\"@id\":\"https:\/\/modenacentoore.canossa.com\/index.php\/2024\/09\/19\/modena-canto-ore-tappa-2\/#primaryimage\"},\"image\":{\"@id\":\"https:\/\/modenacentoore.canossa.com\/index.php\/2024\/09\/19\/modena-canto-ore-tappa-2\/#primaryimage\"},\"thumbnailUrl\":\"https:\/\/modenacentoore.canossa.com\/wp-content\/uploads\/2024\/09\/4025_dsc_5441-copia-scaled.jpg\",\"datePublished\":\"2024-09-19T11:08:19+00:00\",\"dateModified\":\"2024-09-19T11:15:38+00:00\",\"description\":\"Dal via a Misano al traguardo dal David di Michelangelo\",\"breadcrumb\":{\"@id\":\"https:\/\/modenacentoore.canossa.com\/index.php\/2024\/09\/19\/modena-canto-ore-tappa-2\/#breadcrumb\"},\"inLanguage\":\"en-US\",\"potentialAction\":[{\"@type\":\"ReadAction\",\"target\":[\"https:\/\/modenacentoore.canossa.com\/index.php\/2024\/09\/19\/modena-canto-ore-tappa-2\/\"]}]},{\"@type\":\"ImageObject\",\"inLanguage\":\"en-US\",\"@id\":\"https:\/\/modenacentoore.canossa.com\/index.php\/2024\/09\/19\/modena-canto-ore-tappa-2\/#primaryimage\",\"url\":\"https:\/\/modenacentoore.canossa.com\/wp-content\/uploads\/2024\/09\/4025_dsc_5441-copia-scaled.jpg\",\"contentUrl\":\"https:\/\/modenacentoore.canossa.com\/wp-content\/uploads\/2024\/09\/4025_dsc_5441-copia-scaled.jpg\",\"width\":2560,\"height\":1440},{\"@type\":\"BreadcrumbList\",\"@id\":\"https:\/\/modenacentoore.canossa.com\/index.php\/2024\/09\/19\/modena-canto-ore-tappa-2\/#breadcrumb\",\"itemListElement\":[{\"@type\":\"ListItem\",\"position\":1,\"name\":\"Home\",\"item\":\"https:\/\/modenacentoore.canossa.com\/\"},{\"@type\":\"ListItem\",\"position\":2,\"name\":\"Modena Cento Ore, tappa 2\"}]},{\"@type\":\"WebSite\",\"@id\":\"https:\/\/modenacentoore.canossa.com\/#website\",\"url\":\"https:\/\/modenacentoore.canossa.com\/\",\"name\":\"Modena Cento Ore\",\"description\":\"\",\"publisher\":{\"@id\":\"https:\/\/modenacentoore.canossa.com\/#organization\"},\"potentialAction\":[{\"@type\":\"SearchAction\",\"target\":{\"@type\":\"EntryPoint\",\"urlTemplate\":\"https:\/\/modenacentoore.canossa.com\/?s={search_term_string}\"},\"query-input\":{\"@type\":\"PropertyValueSpecification\",\"valueRequired\":true,\"valueName\":\"search_term_string\"}}],\"inLanguage\":\"en-US\"},{\"@type\":\"Organization\",\"@id\":\"https:\/\/modenacentoore.canossa.com\/#organization\",\"name\":\"Modena Cento Ore\",\"url\":\"https:\/\/modenacentoore.canossa.com\/\",\"logo\":{\"@type\":\"ImageObject\",\"inLanguage\":\"en-US\",\"@id\":\"https:\/\/modenacentoore.canossa.com\/#\/schema\/logo\/image\/\",\"url\":\"https:\/\/modenacentoore.canossa.com\/wp-content\/uploads\/2021\/08\/cropped-mco_favicon.png\",\"contentUrl\":\"https:\/\/modenacentoore.canossa.com\/wp-content\/uploads\/2021\/08\/cropped-mco_favicon.png\",\"width\":512,\"height\":512,\"caption\":\"Modena Cento Ore\"},\"image\":{\"@id\":\"https:\/\/modenacentoore.canossa.com\/#\/schema\/logo\/image\/\"},\"sameAs\":[\"https:\/\/www.facebook.com\/ModenaCentoOreClassic\/\",\"https:\/\/www.instagram.com\/modenacentoore\/\",\"https:\/\/www.youtube.com\/channel\/UCOIeWLrvRgwlSz-MN5YqHUg\"]},{\"@type\":\"Person\",\"@id\":\"https:\/\/modenacentoore.canossa.com\/#\/schema\/person\/30be2d715a7bd3fea8441299a77760b8\",\"name\":\"Digital\",\"image\":{\"@type\":\"ImageObject\",\"inLanguage\":\"en-US\",\"@id\":\"https:\/\/secure.gravatar.com\/avatar\/f890b80b20e065eefa111788a237636a801c539a3eb5cffcb7d12e2f47c230b6?s=96&d=mm&r=g\",\"url\":\"https:\/\/secure.gravatar.com\/avatar\/f890b80b20e065eefa111788a237636a801c539a3eb5cffcb7d12e2f47c230b6?s=96&d=mm&r=g\",\"contentUrl\":\"https:\/\/secure.gravatar.com\/avatar\/f890b80b20e065eefa111788a237636a801c539a3eb5cffcb7d12e2f47c230b6?s=96&d=mm&r=g\",\"caption\":\"Digital\"}}]}<\/script>\n<!-- \/ Yoast SEO plugin. -->","yoast_head_json":{"title":"Modena Canto Ore, tappa 2","description":"Dal via a Misano al traguardo dal David di Michelangelo","robots":{"index":"index","follow":"follow","max-snippet":"max-snippet:-1","max-image-preview":"max-image-preview:large","max-video-preview":"max-video-preview:-1"},"canonical":"https:\/\/modenacentoore.canossa.com\/index.php\/2024\/09\/19\/modena-canto-ore-tappa-2\/","og_locale":"en_US","og_type":"article","og_title":"Modena Canto Ore, tappa 2","og_description":"Dal via a Misano al traguardo dal David di Michelangelo","og_url":"https:\/\/modenacentoore.canossa.com\/index.php\/2024\/09\/19\/modena-canto-ore-tappa-2\/","og_site_name":"Modena Cento Ore","article_publisher":"https:\/\/www.facebook.com\/ModenaCentoOreClassic\/","article_published_time":"2024-09-19T11:08:19+00:00","article_modified_time":"2024-09-19T11:15:38+00:00","og_image":[{"width":2560,"height":1440,"url":"https:\/\/modenacentoore.canossa.com\/wp-content\/uploads\/2024\/09\/4025_dsc_5441-copia-scaled.jpg","type":"image\/jpeg"}],"author":"Digital","twitter_card":"summary_large_image","twitter_misc":{"Written by":"Digital","Est. reading time":"1 minute"},"schema":{"@context":"https:\/\/schema.org","@graph":[{"@type":"Article","@id":"https:\/\/modenacentoore.canossa.com\/index.php\/2024\/09\/19\/modena-canto-ore-tappa-2\/#article","isPartOf":{"@id":"https:\/\/modenacentoore.canossa.com\/index.php\/2024\/09\/19\/modena-canto-ore-tappa-2\/"},"author":{"name":"Digital","@id":"https:\/\/modenacentoore.canossa.com\/#\/schema\/person\/30be2d715a7bd3fea8441299a77760b8"},"headline":"Modena Cento Ore, tappa 2","datePublished":"2024-09-19T11:08:19+00:00","dateModified":"2024-09-19T11:15:38+00:00","mainEntityOfPage":{"@id":"https:\/\/modenacentoore.canossa.com\/index.php\/2024\/09\/19\/modena-canto-ore-tappa-2\/"},"wordCount":125,"publisher":{"@id":"https:\/\/modenacentoore.canossa.com\/#organization"},"image":{"@id":"https:\/\/modenacentoore.canossa.com\/index.php\/2024\/09\/19\/modena-canto-ore-tappa-2\/#primaryimage"},"thumbnailUrl":"https:\/\/modenacentoore.canossa.com\/wp-content\/uploads\/2024\/09\/4025_dsc_5441-copia-scaled.jpg","keywords":["2024","Canossa Events","Modena Cento Ore"],"articleSection":["News"],"inLanguage":"en-US"},{"@type":"WebPage","@id":"https:\/\/modenacentoore.canossa.com\/index.php\/2024\/09\/19\/modena-canto-ore-tappa-2\/","url":"https:\/\/modenacentoore.canossa.com\/index.php\/2024\/09\/19\/modena-canto-ore-tappa-2\/","name":"Modena Canto Ore, tappa 2","isPartOf":{"@id":"https:\/\/modenacentoore.canossa.com\/#website"},"primaryImageOfPage":{"@id":"https:\/\/modenacentoore.canossa.com\/index.php\/2024\/09\/19\/modena-canto-ore-tappa-2\/#primaryimage"},"image":{"@id":"https:\/\/modenacentoore.canossa.com\/index.php\/2024\/09\/19\/modena-canto-ore-tappa-2\/#primaryimage"},"thumbnailUrl":"https:\/\/modenacentoore.canossa.com\/wp-content\/uploads\/2024\/09\/4025_dsc_5441-copia-scaled.jpg","datePublished":"2024-09-19T11:08:19+00:00","dateModified":"2024-09-19T11:15:38+00:00","description":"Dal via a Misano al traguardo dal David di Michelangelo","breadcrumb":{"@id":"https:\/\/modenacentoore.canossa.com\/index.php\/2024\/09\/19\/modena-canto-ore-tappa-2\/#breadcrumb"},"inLanguage":"en-US","potentialAction":[{"@type":"ReadAction","target":["https:\/\/modenacentoore.canossa.com\/index.php\/2024\/09\/19\/modena-canto-ore-tappa-2\/"]}]},{"@type":"ImageObject","inLanguage":"en-US","@id":"https:\/\/modenacentoore.canossa.com\/index.php\/2024\/09\/19\/modena-canto-ore-tappa-2\/#primaryimage","url":"https:\/\/modenacentoore.canossa.com\/wp-content\/uploads\/2024\/09\/4025_dsc_5441-copia-scaled.jpg","contentUrl":"https:\/\/modenacentoore.canossa.com\/wp-content\/uploads\/2024\/09\/4025_dsc_5441-copia-scaled.jpg","width":2560,"height":1440},{"@type":"BreadcrumbList","@id":"https:\/\/modenacentoore.canossa.com\/index.php\/2024\/09\/19\/modena-canto-ore-tappa-2\/#breadcrumb","itemListElement":[{"@type":"ListItem","position":1,"name":"Home","item":"https:\/\/modenacentoore.canossa.com\/"},{"@type":"ListItem","position":2,"name":"Modena Cento Ore, tappa 2"}]},{"@type":"WebSite","@id":"https:\/\/modenacentoore.canossa.com\/#website","url":"https:\/\/modenacentoore.canossa.com\/","name":"Modena Cento Ore","description":"","publisher":{"@id":"https:\/\/modenacentoore.canossa.com\/#organization"},"potentialAction":[{"@type":"SearchAction","target":{"@type":"EntryPoint","urlTemplate":"https:\/\/modenacentoore.canossa.com\/?s={search_term_string}"},"query-input":{"@type":"PropertyValueSpecification","valueRequired":true,"valueName":"search_term_string"}}],"inLanguage":"en-US"},{"@type":"Organization","@id":"https:\/\/modenacentoore.canossa.com\/#organization","name":"Modena Cento Ore","url":"https:\/\/modenacentoore.canossa.com\/","logo":{"@type":"ImageObject","inLanguage":"en-US","@id":"https:\/\/modenacentoore.canossa.com\/#\/schema\/logo\/image\/","url":"https:\/\/modenacentoore.canossa.com\/wp-content\/uploads\/2021\/08\/cropped-mco_favicon.png","contentUrl":"https:\/\/modenacentoore.canossa.com\/wp-content\/uploads\/2021\/08\/cropped-mco_favicon.png","width":512,"height":512,"caption":"Modena Cento Ore"},"image":{"@id":"https:\/\/modenacentoore.canossa.com\/#\/schema\/logo\/image\/"},"sameAs":["https:\/\/www.facebook.com\/ModenaCentoOreClassic\/","https:\/\/www.instagram.com\/modenacentoore\/","https:\/\/www.youtube.com\/channel\/UCOIeWLrvRgwlSz-MN5YqHUg"]},{"@type":"Person","@id":"https:\/\/modenacentoore.canossa.com\/#\/schema\/person\/30be2d715a7bd3fea8441299a77760b8","name":"Digital","image":{"@type":"ImageObject","inLanguage":"en-US","@id":"https:\/\/secure.gravatar.com\/avatar\/f890b80b20e065eefa111788a237636a801c539a3eb5cffcb7d12e2f47c230b6?s=96&d=mm&r=g","url":"https:\/\/secure.gravatar.com\/avatar\/f890b80b20e065eefa111788a237636a801c539a3eb5cffcb7d12e2f47c230b6?s=96&d=mm&r=g","contentUrl":"https:\/\/secure.gravatar.com\/avatar\/f890b80b20e065eefa111788a237636a801c539a3eb5cffcb7d12e2f47c230b6?s=96&d=mm&r=g","caption":"Digital"}}]}},"_links":{"self":[{"href":"https:\/\/modenacentoore.canossa.com\/index.php\/wp-json\/wp\/v2\/posts\/7398","targetHints":{"allow":["GET"]}}],"collection":[{"href":"https:\/\/modenacentoore.canossa.com\/index.php\/wp-json\/wp\/v2\/posts"}],"about":[{"href":"https:\/\/modenacentoore.canossa.com\/index.php\/wp-json\/wp\/v2\/types\/post"}],"author":[{"embeddable":true,"href":"https:\/\/modenacentoore.canossa.com\/index.php\/wp-json\/wp\/v2\/users\/7"}],"replies":[{"embeddable":true,"href":"https:\/\/modenacentoore.canossa.com\/index.php\/wp-json\/wp\/v2\/comments?post=7398"}],"version-history":[{"count":7,"href":"https:\/\/modenacentoore.canossa.com\/index.php\/wp-json\/wp\/v2\/posts\/7398\/revisions"}],"predecessor-version":[{"id":7410,"href":"https:\/\/modenacentoore.canossa.com\/index.php\/wp-json\/wp\/v2\/posts\/7398\/revisions\/7410"}],"wp:featuredmedia":[{"embeddable":true,"href":"https:\/\/modenacentoore.canossa.com\/index.php\/wp-json\/wp\/v2\/media\/7393"}],"wp:attachment":[{"href":"https:\/\/modenacentoore.canossa.com\/index.php\/wp-json\/wp\/v2\/media?parent=7398"}],"wp:term":[{"taxonomy":"category","embeddable":true,"href":"https:\/\/modenacentoore.canossa.com\/index.php\/wp-json\/wp\/v2\/categories?post=7398"},{"taxonomy":"post_tag","embeddable":true,"href":"https:\/\/modenacentoore.canossa.com\/index.php\/wp-json\/wp\/v2\/tags?post=7398"}],"curies":[{"name":"wp","href":"https:\/\/api.w.org\/{rel}","templated":true}]}}